{"id":14891,"date":"2026-09-01T10:13:57","date_gmt":"2026-09-01T08:13:57","guid":{"rendered":"https:\/\/auriva-elevage.com\/sin-categorizar\/rapace-el-despegue-de-varias-generaciones-de-seleccion\/"},"modified":"2026-09-01T10:17:22","modified_gmt":"2026-09-01T08:17:22","slug":"rapace-el-despegue-de-varias-generaciones-de-seleccion","status":"publish","type":"post","link":"https:\/\/auriva-elevage.com\/es\/auriva-elevage-es\/rapace-el-despegue-de-varias-generaciones-de-seleccion\/","title":{"rendered":"RAPACE: el despegue de varias generaciones de selecci\u00f3n"},"content":{"rendered":"\t\t<div data-elementor-type=\"wp-post\" data-elementor-id=\"14891\" class=\"elementor elementor-14891 elementor-14862\" data-elementor-settings=\"{&quot;ha_cmc_init_switcher&quot;:&quot;no&quot;}\" data-elementor-post-type=\"post\">\n\t\t\t\t\t\t<section class=\"elementor-section elementor-top-section elementor-element elementor-element-1b15ebc elementor-section-boxed elementor-section-height-default elementor-section-height-default\" data-id=\"1b15ebc\" data-element_type=\"section\" data-e-type=\"section\">\n\t\t\t\t\t\t<div class=\"elementor-container elementor-column-gap-default\">\n\t\t\t\t\t<div class=\"elementor-column elementor-col-100 elementor-top-column elementor-element elementor-element-83f60d8\" data-id=\"83f60d8\" data-element_type=\"column\" data-e-type=\"column\" data-settings=\"{&quot;background_background&quot;:&quot;classic&quot;}\">\n\t\t\t<div class=\"elementor-widget-wrap elementor-element-populated\">\n\t\t\t\t\t\t<div class=\"elementor-element elementor-element-3da15d7 elementor-widget elementor-widget-text-editor\" data-id=\"3da15d7\" data-element_type=\"widget\" data-e-type=\"widget\" data-widget_type=\"text-editor.default\">\n\t\t\t\t<div class=\"elementor-widget-container\">\n\t\t\t\t\t\t\t\t\t<p><strong>Generaciones de selecci\u00f3n, linajes trabajados con pasi\u00f3n y una misma prioridad: la calidad de las vacas. En este contexto naci\u00f3 RAPACE, en el GAEC IRIGAYA de la familia SARRAUDE, en Juxue (64). Hoy, como toro de \u00abCualidades Maternas\u00bb en el cat\u00e1logo, es la culminaci\u00f3n de varias d\u00e9cadas de trabajo en torno a las aptitudes maternas.  <\/strong><\/p>\t\t\t\t\t\t\t\t<\/div>\n\t\t\t\t<\/div>\n\t\t\t\t\t<\/div>\n\t\t<\/div>\n\t\t\t\t\t<\/div>\n\t\t<\/section>\n\t\t\t\t<section class=\"elementor-section elementor-top-section elementor-element elementor-element-65b1083 elementor-section-stretched elementor-section-boxed elementor-section-height-default elementor-section-height-default\" data-id=\"65b1083\" data-element_type=\"section\" data-e-type=\"section\" data-settings=\"{&quot;stretch_section&quot;:&quot;section-stretched&quot;}\">\n\t\t\t\t\t\t<div class=\"elementor-container elementor-column-gap-default\">\n\t\t\t\t\t<div class=\"elementor-column elementor-col-50 elementor-top-column elementor-element elementor-element-b78383d\" data-id=\"b78383d\" data-element_type=\"column\" data-e-type=\"column\" data-settings=\"{&quot;background_background&quot;:&quot;classic&quot;}\">\n\t\t\t<div class=\"elementor-widget-wrap elementor-element-populated\">\n\t\t\t\t\t\t<div class=\"elementor-element elementor-element-28ac31f elementor-widget__width-initial elementor-widget elementor-widget-image\" data-id=\"28ac31f\" data-element_type=\"widget\" data-e-type=\"widget\" data-widget_type=\"image.default\">\n\t\t\t\t<div class=\"elementor-widget-container\">\n\t\t\t\t\t\t\t\t\t\t\t\t\t\t\t<img fetchpriority=\"high\" decoding=\"async\" width=\"1024\" height=\"683\" src=\"https:\/\/auriva-elevage.com\/wp-content\/uploads\/2026\/09\/Arnaud-SARRANDE-et-HERA-1024x683.jpg\" class=\"attachment-large size-large wp-image-14863\" alt=\"Arnaud Sarraude et HERA\" srcset=\"https:\/\/auriva-elevage.com\/wp-content\/uploads\/2026\/09\/Arnaud-SARRANDE-et-HERA-1024x683.jpg 1024w, https:\/\/auriva-elevage.com\/wp-content\/uploads\/2026\/09\/Arnaud-SARRANDE-et-HERA-300x200.jpg 300w, https:\/\/auriva-elevage.com\/wp-content\/uploads\/2026\/09\/Arnaud-SARRANDE-et-HERA-768x512.jpg 768w, https:\/\/auriva-elevage.com\/wp-content\/uploads\/2026\/09\/Arnaud-SARRANDE-et-HERA-1536x1024.jpg 1536w, https:\/\/auriva-elevage.com\/wp-content\/uploads\/2026\/09\/Arnaud-SARRANDE-et-HERA-2048x1365.jpg 2048w, https:\/\/auriva-elevage.com\/wp-content\/uploads\/2026\/09\/Arnaud-SARRANDE-et-HERA-113x75.jpg 113w, https:\/\/auriva-elevage.com\/wp-content\/uploads\/2026\/09\/Arnaud-SARRANDE-et-HERA-480x320.jpg 480w\" sizes=\"(max-width:767px) 480px, (max-width:1024px) 100vw, 1024px\" \/>\t\t\t\t\t\t\t\t\t\t\t\t\t\t\t<\/div>\n\t\t\t\t<\/div>\n\t\t\t\t\t<\/div>\n\t\t<\/div>\n\t\t\t\t<div class=\"elementor-column elementor-col-50 elementor-top-column elementor-element elementor-element-f57f04d\" data-id=\"f57f04d\" data-element_type=\"column\" data-e-type=\"column\">\n\t\t\t<div class=\"elementor-widget-wrap elementor-element-populated\">\n\t\t\t\t\t\t<div class=\"elementor-element elementor-element-20ceb9e elementor-widget elementor-widget-text-editor\" data-id=\"20ceb9e\" data-element_type=\"widget\" data-e-type=\"widget\" data-widget_type=\"text-editor.default\">\n\t\t\t\t<div class=\"elementor-widget-container\">\n\t\t\t\t\t\t\t\t\t<p style=\"font-style: normal;font-weight: 400;font-size: 17px;font-family: Raleway, -apple-system, BlinkMacSystemFont, &apos;Segoe UI&apos;, Roboto, Oxygen-Sans, Ubuntu, Cantarell, &apos;Helvetica Neue&apos;, sans-serif\">RAPACE es hijo de JABU y GAZELLE (CALINOU\/LOULOU), una vaca procedente de una l\u00ednea emblem\u00e1tica de la ganader\u00eda. Con un aspecto muy elegante y dotada de excelentes cualidades maternales, tiene un \u00edndice ALait de 115 y un IVMAT de 107, y fue la primera hembra de la ganader\u00eda en someterse a una transferencia de embriones. GAZELLE forma parte de una selecci\u00f3n basada en varias l\u00edneas hist\u00f3ricas, trabajadas y potenciadas a lo largo de los a\u00f1os en el GAEC IRIGAYA.    <\/p><p><span style=\"font-family: Raleway, -apple-system, BlinkMacSystemFont, &apos;Segoe UI&apos;, Roboto, Oxygen-Sans, Ubuntu, Cantarell, &apos;Helvetica Neue&apos;, sans-serif;font-size: 17px;font-style: normal;font-weight: 400;letter-spacing: 0px\">Junto con su hermanastra ETOILE, ambas hijas de la vaca POLKA, forma una de las l\u00edneas m\u00e1s destacadas de la ganader\u00eda. Otras l\u00edneas tambi\u00e9n han ayudado a dar forma al reba\u00f1o, como MELBA (ARAMIS\/BANCO) o MANILLE (BANCO\/LEO). Tambi\u00e9n han destacado varios toros nacidos en la explotaci\u00f3n y procedentes de estas l\u00edneas, como TREK, hijo de MELBA, de la primera gama AURIZON  <\/span><span style=\"letter-spacing: 0px\"> <\/span><\/p>\t\t\t\t\t\t\t\t<\/div>\n\t\t\t\t<\/div>\n\t\t\t\t\t<\/div>\n\t\t<\/div>\n\t\t\t\t\t<\/div>\n\t\t<\/section>\n\t\t\t\t<section class=\"elementor-section elementor-top-section elementor-element elementor-element-02638a7 elementor-section-boxed elementor-section-height-default elementor-section-height-default\" data-id=\"02638a7\" data-element_type=\"section\" data-e-type=\"section\">\n\t\t\t\t\t\t<div class=\"elementor-container elementor-column-gap-default\">\n\t\t\t\t\t<div class=\"elementor-column elementor-col-100 elementor-top-column elementor-element elementor-element-c2ab59c\" data-id=\"c2ab59c\" data-element_type=\"column\" data-e-type=\"column\" data-settings=\"{&quot;background_background&quot;:&quot;classic&quot;}\">\n\t\t\t<div class=\"elementor-widget-wrap elementor-element-populated\">\n\t\t\t\t\t\t<div class=\"elementor-element elementor-element-e393477 elementor-widget elementor-widget-text-editor\" data-id=\"e393477\" data-element_type=\"widget\" data-e-type=\"widget\" data-widget_type=\"text-editor.default\">\n\t\t\t\t<div class=\"elementor-widget-container\">\n\t\t\t\t\t\t\t\t\t<p>RAPACE, que se incorpor\u00f3 al criadero tras salir de la estaci\u00f3n de cr\u00eda, no tard\u00f3 en confirmar las esperanzas que se hab\u00edan depositado en \u00e9l. Es un aut\u00e9ntico semental para hembras, que aporta longitud y delicadeza, sobre todo en la cadera, sin dejar de tener un perfil mixto:   <\/p><p><i>\u00abMe gustan mucho los terneros, y lamento no haberlos aprovechado m\u00e1s en mi reba\u00f1o<\/i> \u00bb, reconoce hoy Arnaud SARRAUDE.<\/p><p>En el GAEC IRIGAYA, los objetivos de selecci\u00f3n est\u00e1n bien definidos: dar prioridad a las cualidades maternales, la leche y el temperamento, sin dejar de lado la pureza de la raza. Desde hace m\u00e1s de 10 a\u00f1os, los cruces se hacen con la ayuda de David Gonzales, t\u00e9cnico de AURIVA-Elevage, en quien Arnaud conf\u00eda plenamente.   <\/p>\t\t\t\t\t\t\t\t<\/div>\n\t\t\t\t<\/div>\n\t\t\t\t\t<\/div>\n\t\t<\/div>\n\t\t\t\t\t<\/div>\n\t\t<\/section>\n\t\t<div class=\"elementor-element elementor-element-4904a28 e-con e-atomic-element e-flexbox-base e-d87dc92 \" data-id=\"4904a28\" data-element_type=\"e-flexbox\" data-e-type=\"e-flexbox\" data-interaction-id=\"4904a28\" data-e-type=\"e-flexbox\" data-id=\"4904a28\">\n    <div class=\"elementor-element elementor-element-8503d17 e-con e-atomic-element e-flexbox-base e-71d16ec \" data-id=\"8503d17\" data-element_type=\"e-flexbox\" data-e-type=\"e-flexbox\" data-interaction-id=\"8503d17\" data-e-type=\"e-flexbox\" data-id=\"8503d17\">\n    \t\t\t<img decoding=\"async\" class=\"e-image-base \" data-interaction-id=\"21668ae\" data-e-type=\"widget\" data-id=\"21668ae\" id=\"14866\" src=\"https:\/\/auriva-elevage.com\/wp-content\/uploads\/2026\/09\/Fils-et-Fille-RAPACE-scaled.jpg\" width=\"2560\" height=\"1707\" srcset=\"https:\/\/auriva-elevage.com\/wp-content\/uploads\/2026\/09\/Fils-et-Fille-RAPACE-scaled.jpg 2560w, https:\/\/auriva-elevage.com\/wp-content\/uploads\/2026\/09\/Fils-et-Fille-RAPACE-300x200.jpg 300w, https:\/\/auriva-elevage.com\/wp-content\/uploads\/2026\/09\/Fils-et-Fille-RAPACE-1024x683.jpg 1024w, https:\/\/auriva-elevage.com\/wp-content\/uploads\/2026\/09\/Fils-et-Fille-RAPACE-768x512.jpg 768w, https:\/\/auriva-elevage.com\/wp-content\/uploads\/2026\/09\/Fils-et-Fille-RAPACE-1536x1024.jpg 1536w, https:\/\/auriva-elevage.com\/wp-content\/uploads\/2026\/09\/Fils-et-Fille-RAPACE-2048x1365.jpg 2048w, https:\/\/auriva-elevage.com\/wp-content\/uploads\/2026\/09\/Fils-et-Fille-RAPACE-113x75.jpg 113w, https:\/\/auriva-elevage.com\/wp-content\/uploads\/2026\/09\/Fils-et-Fille-RAPACE-480x320.jpg 480w\" alt=\"\"\/>\t\t\n<\/div>\n<div class=\"elementor-element elementor-element-33a4078 e-con e-atomic-element e-flexbox-base e-1e85fa3 \" data-id=\"33a4078\" data-element_type=\"e-flexbox\" data-e-type=\"e-flexbox\" data-interaction-id=\"33a4078\" data-e-type=\"e-flexbox\" data-id=\"33a4078\">\n    \t\t\t<img decoding=\"async\" class=\"e-image-base \" data-interaction-id=\"0b857fb\" data-e-type=\"widget\" data-id=\"0b857fb\" id=\"14869\" src=\"https:\/\/auriva-elevage.com\/wp-content\/uploads\/2026\/09\/5425-Femelle-RAPACE-USHUAIA-scaled.jpg\" width=\"2560\" height=\"1707\" srcset=\"https:\/\/auriva-elevage.com\/wp-content\/uploads\/2026\/09\/5425-Femelle-RAPACE-USHUAIA-scaled.jpg 2560w, https:\/\/auriva-elevage.com\/wp-content\/uploads\/2026\/09\/5425-Femelle-RAPACE-USHUAIA-300x200.jpg 300w, https:\/\/auriva-elevage.com\/wp-content\/uploads\/2026\/09\/5425-Femelle-RAPACE-USHUAIA-1024x683.jpg 1024w, https:\/\/auriva-elevage.com\/wp-content\/uploads\/2026\/09\/5425-Femelle-RAPACE-USHUAIA-768x512.jpg 768w, https:\/\/auriva-elevage.com\/wp-content\/uploads\/2026\/09\/5425-Femelle-RAPACE-USHUAIA-1536x1024.jpg 1536w, https:\/\/auriva-elevage.com\/wp-content\/uploads\/2026\/09\/5425-Femelle-RAPACE-USHUAIA-2048x1365.jpg 2048w, https:\/\/auriva-elevage.com\/wp-content\/uploads\/2026\/09\/5425-Femelle-RAPACE-USHUAIA-113x75.jpg 113w, https:\/\/auriva-elevage.com\/wp-content\/uploads\/2026\/09\/5425-Femelle-RAPACE-USHUAIA-480x320.jpg 480w\" alt=\"\"\/>\t\t\n<\/div>\n\n<\/div>\n\t\t<section class=\"elementor-section elementor-top-section elementor-element elementor-element-bdcecfc elementor-section-boxed elementor-section-height-default elementor-section-height-default\" data-id=\"bdcecfc\" data-element_type=\"section\" data-e-type=\"section\">\n\t\t\t\t\t\t<div class=\"elementor-container elementor-column-gap-default\">\n\t\t\t\t\t<div class=\"elementor-column elementor-col-100 elementor-top-column elementor-element elementor-element-f5cf78c\" data-id=\"f5cf78c\" data-element_type=\"column\" data-e-type=\"column\" data-settings=\"{&quot;background_background&quot;:&quot;classic&quot;}\">\n\t\t\t<div class=\"elementor-widget-wrap elementor-element-populated\">\n\t\t\t\t\t\t<div class=\"elementor-element elementor-element-10abcde elementor-widget elementor-widget-text-editor\" data-id=\"10abcde\" data-element_type=\"widget\" data-e-type=\"widget\" data-widget_type=\"text-editor.default\">\n\t\t\t\t<div class=\"elementor-widget-container\">\n\t\t\t\t\t\t\t\t\t<p><span style=\"letter-spacing: 0px\"><br><\/span><\/p><p><span style=\"letter-spacing: 0px\">Ese trabajo de selecci\u00f3n se nota hoy en los resultados del reba\u00f1o. Con   <\/span><strong style=\"letter-spacing: 0px\">un IVMAT medio de 106<\/strong><span style=\"letter-spacing: 0px\"> en la ascendencia materna, la GAEC IRIGAYA se encuentra entre los <\/span><strong style=\"letter-spacing: 0px\">5 % de los mejores reba\u00f1os de la raza<\/strong><span style=\"letter-spacing: 0px\">. Tambi\u00e9n se presta especial atenci\u00f3n a las habilidades para la lactancia, con una  <\/span><strong style=\"letter-spacing: 0px\">una media de 103 en ALait<\/strong><span style=\"letter-spacing: 0px\">  en el reba\u00f1o. Esta orientaci\u00f3n se refleja directamente en los terneros nacidos en la explotaci\u00f3n, cuyos PAT a los 210 d\u00edas son significativamente superiores a la media de la raza, con   <\/span><strong style=\"letter-spacing: 0px\">342 kg para los machos y 323 kg para las hembras<\/strong><span style=\"letter-spacing: 0px\">.<\/span><\/p>\n<p>La gesti\u00f3n de la reproducci\u00f3n tambi\u00e9n ocupa un lugar central en el manejo del reba\u00f1o. La explotaci\u00f3n, que solo ha utilizado la inseminaci\u00f3n desde su creaci\u00f3n, registra un IVV medio de 369 d\u00edas en la campa\u00f1a de 2025. Para Arnaud SARRAUDE, el \u00e9xito se basa sobre todo en la observaci\u00f3n: \u00ab   <em>\u00a1Una buena gesti\u00f3n de la reproducci\u00f3n consiste en un 80 % de vigilancia! Hay que observar a las vacas al menos tres veces al d\u00eda para poder intervenir en el momento adecuado <\/em>  \u00bb. Esta estrategia tambi\u00e9n permite mejorar la gen\u00e9tica del reba\u00f1o &nbsp;<\/p>\t\t\t\t\t\t\t\t<\/div>\n\t\t\t\t<\/div>\n\t\t\t\t\t<\/div>\n\t\t<\/div>\n\t\t\t\t\t<\/div>\n\t\t<\/section>\n\t\t\t\t<section class=\"elementor-section elementor-top-section elementor-element elementor-element-c51473e elementor-section-stretched elementor-section-boxed elementor-section-height-default elementor-section-height-default\" data-id=\"c51473e\" data-element_type=\"section\" data-e-type=\"section\" data-settings=\"{&quot;background_background&quot;:&quot;classic&quot;,&quot;stretch_section&quot;:&quot;section-stretched&quot;}\">\n\t\t\t\t\t\t\t<div class=\"elementor-background-overlay\"><\/div>\n\t\t\t\t\t\t\t<div class=\"elementor-container elementor-column-gap-default\">\n\t\t\t\t\t<div class=\"elementor-column elementor-col-100 elementor-top-column elementor-element elementor-element-36334fb\" data-id=\"36334fb\" data-element_type=\"column\" data-e-type=\"column\">\n\t\t\t<div class=\"elementor-widget-wrap elementor-element-populated\">\n\t\t\t\t\t\t<div class=\"elementor-element elementor-element-6a475e7 elementor-blockquote--skin-border elementor-widget elementor-widget-blockquote\" data-id=\"6a475e7\" data-element_type=\"widget\" data-e-type=\"widget\" data-widget_type=\"blockquote.default\">\n\t\t\t\t<div class=\"elementor-widget-container\">\n\t\t\t\t\t\t\t<blockquote class=\"elementor-blockquote\">\n\t\t\t<p class=\"elementor-blockquote__content\">\n\t\t\t\t\u00abNunca hemos comprado material gen\u00e9tico; es un orgullo para nosotros haberlo obtenido todo de nuestra propia ganader\u00eda. La inseminaci\u00f3n artificial nos aporta variabilidad y tambi\u00e9n nos permite garantizar los nacimientos. Estamos muy contentos con los toros AURIVA que llevamos usando desde hace a\u00f1os\u00bb.\t\t\t<\/p>\n\t\t\t\t\t\t\t<div class=\"e-q-footer\">\n\t\t\t\t\t\t\t\t\t\t\t<cite class=\"elementor-blockquote__author\">Arnaud SARRAUDE, GAEC IRIGAYA, Juxue (64)<\/cite>\n\t\t\t\t\t\t\t\t\t\t\t\t\t\t<\/div>\n\t\t\t\t\t<\/blockquote>\n\t\t\t\t\t\t<\/div>\n\t\t\t\t<\/div>\n\t\t\t\t<div class=\"elementor-element elementor-element-0e7dc81 elementor-widget-divider--view-line elementor-widget elementor-widget-divider\" data-id=\"0e7dc81\" data-element_type=\"widget\" data-e-type=\"widget\" data-widget_type=\"divider.default\">\n\t\t\t\t<div class=\"elementor-widget-container\">\n\t\t\t\t\t\t\t<div class=\"elementor-divider\">\n\t\t\t<span class=\"elementor-divider-separator\">\n\t\t\t\t\t\t<\/span>\n\t\t<\/div>\n\t\t\t\t\t\t<\/div>\n\t\t\t\t<\/div>\n\t\t\t\t\t<\/div>\n\t\t<\/div>\n\t\t\t\t\t<\/div>\n\t\t<\/section>\n\t\t\t\t<section class=\"elementor-section elementor-top-section elementor-element elementor-element-4224b16 elementor-section-boxed elementor-section-height-default elementor-section-height-default\" data-id=\"4224b16\" data-element_type=\"section\" data-e-type=\"section\">\n\t\t\t\t\t\t<div class=\"elementor-container elementor-column-gap-default\">\n\t\t\t\t\t<div class=\"elementor-column elementor-col-100 elementor-top-column elementor-element elementor-element-01bf91d\" data-id=\"01bf91d\" data-element_type=\"column\" data-e-type=\"column\" data-settings=\"{&quot;background_background&quot;:&quot;classic&quot;}\">\n\t\t\t<div class=\"elementor-widget-wrap elementor-element-populated\">\n\t\t\t\t\t\t<div class=\"elementor-element elementor-element-c041a78 elementor-widget elementor-widget-spacer\" data-id=\"c041a78\" data-element_type=\"widget\" data-e-type=\"widget\" data-widget_type=\"spacer.default\">\n\t\t\t\t<div class=\"elementor-widget-container\">\n\t\t\t\t\t\t\t<div class=\"elementor-spacer\">\n\t\t\t<div class=\"elementor-spacer-inner\"><\/div>\n\t\t<\/div>\n\t\t\t\t\t\t<\/div>\n\t\t\t\t<\/div>\n\t\t\t\t\t<\/div>\n\t\t<\/div>\n\t\t\t\t\t<\/div>\n\t\t<\/section>\n\t\t\t\t<section class=\"elementor-section elementor-top-section elementor-element elementor-element-3bbe021 elementor-section-boxed elementor-section-height-default elementor-section-height-default\" data-id=\"3bbe021\" data-element_type=\"section\" data-e-type=\"section\">\n\t\t\t\t\t\t<div class=\"elementor-container elementor-column-gap-default\">\n\t\t\t\t\t<div class=\"elementor-column elementor-col-100 elementor-top-column elementor-element elementor-element-bc75355\" data-id=\"bc75355\" data-element_type=\"column\" data-e-type=\"column\" data-settings=\"{&quot;background_background&quot;:&quot;classic&quot;}\">\n\t\t\t<div class=\"elementor-widget-wrap elementor-element-populated\">\n\t\t\t\t\t\t<div class=\"elementor-element elementor-element-1563444 elementor-widget elementor-widget-text-editor\" data-id=\"1563444\" data-element_type=\"widget\" data-e-type=\"widget\" data-widget_type=\"text-editor.default\">\n\t\t\t\t<div class=\"elementor-widget-container\">\n\t\t\t\t\t\t\t\t\t<p>La presentaci\u00f3n en primicia de RAPACE durante la campa\u00f1a 2023-2024 supuso un punto de inflexi\u00f3n para los ganaderos: \u00abEs un aut\u00e9ntico escaparate de nuestro trabajo y adem\u00e1s nos ha permitido dar a conocer el nombre de la ganader\u00eda. \u00bb Tras superar las distintas etapas de la evaluaci\u00f3n de cualidades maternas, RAPACE entra ahora en el cat\u00e1logo como toro QM: \u00ab\u00a1Estamos muy contentos y muy orgullosos de tener un toro de la<br \/>a en el cat\u00e1logo con la calificaci\u00f3n QM!\u00bb, destaca Arnaud.<br \/>De hecho, para la familia SARRAUDE, la incorporaci\u00f3n de este toro al cat\u00e1logo significa mucho m\u00e1s que el \u00e9xito de un solo animal. Es la recompensa a varias d\u00e9cadas de selecci\u00f3n, a la pasi\u00f3n por la raza Blonde d\u2019Aquitaine y a una confianza renovada en la gen\u00e9tica y en los equipos de AURIVA. Con RAPACE, esta historia familiar echa a volar y ahora contin\u00faa a trav\u00e9s de su descendencia.   <\/p>\t\t\t\t\t\t\t\t<\/div>\n\t\t\t\t<\/div>\n\t\t\t\t\t<\/div>\n\t\t<\/div>\n\t\t\t\t\t<\/div>\n\t\t<\/section>\n\t\t<div class=\"elementor-element elementor-element-f04a91f e-con e-atomic-element e-flexbox-base e-824ca69 \" data-id=\"f04a91f\" data-element_type=\"e-flexbox\" data-e-type=\"e-flexbox\" data-interaction-id=\"f04a91f\" data-e-type=\"e-flexbox\" data-id=\"f04a91f\">\n    \t\t\t<p class=\"e-paragraph-base\" data-interaction-id=\"3f12d03\" data-e-type=\"widget\" data-id=\"3f12d03\"><\/p>\n\t\t\n<\/div>\n<div class=\"elementor-element elementor-element-f2d9dc5 e-con e-atomic-element e-flexbox-base e-175077f \" data-id=\"f2d9dc5\" data-element_type=\"e-flexbox\" data-e-type=\"e-flexbox\" data-interaction-id=\"f2d9dc5\" data-e-type=\"e-flexbox\" data-id=\"f2d9dc5\">\n    <div class=\"elementor-element elementor-element-5ff62f4 e-con e-atomic-element e-flexbox-base e-268176c \" data-id=\"5ff62f4\" data-element_type=\"e-flexbox\" data-e-type=\"e-flexbox\" data-interaction-id=\"5ff62f4\" data-e-type=\"e-flexbox\" data-id=\"5ff62f4\">\n    \n<\/div>\n<div class=\"elementor-element elementor-element-0c60cd1 e-con e-atomic-element e-flexbox-base e-5da0829 \" data-id=\"0c60cd1\" data-element_type=\"e-flexbox\" data-e-type=\"e-flexbox\" data-interaction-id=\"0c60cd1\" data-e-type=\"e-flexbox\" data-id=\"0c60cd1\">\n    \t\t\t<p class=\"e-b40929f-90e4655 e-paragraph-base\" data-interaction-id=\"b40929f\" data-e-type=\"widget\" data-id=\"b40929f\"><strong id=\"e-mtidhpz1-h3st3h9\">LA EXPLOTACI\u00d3N AGR\u00cdCOLA EN DETALLE<br \/><\/strong><br \/> - GAEC IRIGAYA \u2013 Marie-Pierre y Arnaud SARRAUDE; posteriormente, Lydia y Patxi SARRAUDE se hicieron cargo de la explotaci\u00f3n familiar en 2026<br \/>- 90 ha de superficie agr\u00edcola \u00fatil (SAU), de las cuales 7 ha son de ma\u00edz para autoconsumo y el resto, pastos<br \/>- 400 ovejas de la raza Manech \u00abt\u00eate rousse\u00bb<br \/>- 40 madres de cr\u00eda con inseminaci\u00f3n artificial al 100 %<br \/>- Miembros de la OS y control de rendimiento VA4<br \/>- Producci\u00f3n de corderos de pastoreo y venta de reproductores<\/p>\n\t\t\n<\/div>\n<div class=\"elementor-element elementor-element-09734bb e-con e-atomic-element e-flexbox-base e-56ea7fc \" data-id=\"09734bb\" data-element_type=\"e-flexbox\" data-e-type=\"e-flexbox\" data-interaction-id=\"09734bb\" data-e-type=\"e-flexbox\" data-id=\"09734bb\">\n    \n<\/div>\n\n<\/div>\n\t\t<\/div>\n\t\t","protected":false},"excerpt":{"rendered":"<p>Generaciones de selecci\u00f3n, linajes trabajados con pasi\u00f3n y una misma prioridad: la calidad de las vacas. En este contexto naci\u00f3 RAPACE, en el GAEC IRIGAYA de la familia SARRAUDE, en Juxue (64). Hoy, como toro de \u00abCualidades Maternas\u00bb en el cat\u00e1logo, es la culminaci\u00f3n de varias d\u00e9cadas de trabajo en torno a las aptitudes maternas.  <\/p>\n","protected":false},"author":4,"featured_media":14865,"comment_status":"open","ping_status":"open","sticky":false,"template":"","format":"standard","meta":{"footnotes":""},"categories":[101,75],"tags":[80,119],"class_list":["post-14891","post","type-post","status-publish","format-standard","has-post-thumbnail","hentry","category-auriva-elevage-es","category-rubia-de-aquitania","tag-auriva-elevage-es","tag-rubia-de-aquitania"],"yoast_head":"<!-- This site is optimized with the Yoast SEO plugin v28.3 - https:\/\/yoast.com\/product\/yoast-seo-wordpress\/ -->\n<title>RAPACE: el despegue de varias generaciones de selecci\u00f3n - AURIVA-Elevage.com<\/title>\n<meta name=\"description\" content=\"En el GAEC Lahitau, en Andoins, en los Pirineos Atl\u00e1nticos, el rendimiento no es una cuesti\u00f3n marginal: es primordial. En una SAU de 108 hect\u00e1reas (34 ha de ma\u00edz para ensilado, 36 ha de ma\u00edz para grano, 15 ha de praderas temporales y el resto de praderas permanentes), el equipo cultiva tambi\u00e9n 32 hect\u00e1reas de cultivos intermedios a base de tr\u00e9bol, ray-grass y veza, destinados a ser henificados. Un sistema bien engrasado, dise\u00f1ado para alimentar a un reba\u00f1o productivo en un establo con suelo de rejilla y cub\u00edculo, con pastoreo cero.\" \/>\n<meta name=\"robots\" content=\"index, follow, max-snippet:-1, max-image-preview:large, max-video-preview:-1\" \/>\n<link rel=\"canonical\" href=\"https:\/\/auriva-elevage.com\/es\/auriva-elevage-es\/rapace-el-despegue-de-varias-generaciones-de-seleccion\/\" \/>\n<meta property=\"og:locale\" content=\"es_ES\" \/>\n<meta property=\"og:type\" content=\"article\" \/>\n<meta property=\"og:title\" content=\"RAPACE: el despegue de varias generaciones de selecci\u00f3n - AURIVA-Elevage.com\" \/>\n<meta property=\"og:description\" content=\"En el GAEC Lahitau, en Andoins, en los Pirineos Atl\u00e1nticos, el rendimiento no es una cuesti\u00f3n marginal: es primordial. En una SAU de 108 hect\u00e1reas (34 ha de ma\u00edz para ensilado, 36 ha de ma\u00edz para grano, 15 ha de praderas temporales y el resto de praderas permanentes), el equipo cultiva tambi\u00e9n 32 hect\u00e1reas de cultivos intermedios a base de tr\u00e9bol, ray-grass y veza, destinados a ser henificados. Un sistema bien engrasado, dise\u00f1ado para alimentar a un reba\u00f1o productivo en un establo con suelo de rejilla y cub\u00edculo, con pastoreo cero.\" \/>\n<meta property=\"og:url\" content=\"https:\/\/auriva-elevage.com\/es\/auriva-elevage-es\/rapace-el-despegue-de-varias-generaciones-de-seleccion\/\" \/>\n<meta property=\"og:site_name\" content=\"AURIVA-Elevage.com\" \/>\n<meta property=\"article:publisher\" content=\"https:\/\/www.facebook.com\/aurivaelevage\/\" \/>\n<meta property=\"article:published_time\" content=\"2026-09-01T08:13:57+00:00\" \/>\n<meta property=\"article:modified_time\" content=\"2026-09-01T08:17:22+00:00\" \/>\n<meta property=\"og:image\" content=\"https:\/\/auriva-elevage.com\/wp-content\/uploads\/2026\/09\/Arnaud-SARRANDE-et-HERA-scaled.jpg\" \/>\n\t<meta property=\"og:image:width\" content=\"2560\" \/>\n\t<meta property=\"og:image:height\" content=\"1707\" \/>\n\t<meta property=\"og:image:type\" content=\"image\/jpeg\" \/>\n<meta name=\"author\" content=\"No\u00e9mie Carme\" \/>\n<meta name=\"twitter:card\" content=\"summary_large_image\" \/>\n<meta name=\"twitter:label1\" content=\"Escrito por\" \/>\n\t<meta name=\"twitter:data1\" content=\"No\u00e9mie Carme\" \/>\n\t<meta name=\"twitter:label2\" content=\"Tiempo de lectura\" \/>\n\t<meta name=\"twitter:data2\" content=\"4 minutos\" \/>\n<script type=\"application\/ld+json\" class=\"yoast-schema-graph\">{\"@context\":\"https:\\\/\\\/schema.org\",\"@graph\":[{\"@type\":\"Article\",\"@id\":\"https:\\\/\\\/auriva-elevage.com\\\/es\\\/auriva-elevage-es\\\/rapace-el-despegue-de-varias-generaciones-de-seleccion\\\/#article\",\"isPartOf\":{\"@id\":\"https:\\\/\\\/auriva-elevage.com\\\/es\\\/auriva-elevage-es\\\/rapace-el-despegue-de-varias-generaciones-de-seleccion\\\/\"},\"author\":{\"name\":\"No\u00e9mie Carme\",\"@id\":\"https:\\\/\\\/auriva-elevage.com\\\/es\\\/#\\\/schema\\\/person\\\/2c7301f07bc3528f17d8e0ce474df9ab\"},\"headline\":\"RAPACE: el despegue de varias generaciones de selecci\u00f3n\",\"datePublished\":\"2026-09-01T08:13:57+00:00\",\"dateModified\":\"2026-09-01T08:17:22+00:00\",\"mainEntityOfPage\":{\"@id\":\"https:\\\/\\\/auriva-elevage.com\\\/es\\\/auriva-elevage-es\\\/rapace-el-despegue-de-varias-generaciones-de-seleccion\\\/\"},\"wordCount\":873,\"commentCount\":0,\"publisher\":{\"@id\":\"https:\\\/\\\/auriva-elevage.com\\\/es\\\/#organization\"},\"image\":{\"@id\":\"https:\\\/\\\/auriva-elevage.com\\\/es\\\/auriva-elevage-es\\\/rapace-el-despegue-de-varias-generaciones-de-seleccion\\\/#primaryimage\"},\"thumbnailUrl\":\"https:\\\/\\\/auriva-elevage.com\\\/wp-content\\\/uploads\\\/2026\\\/09\\\/Arnaud-SARRANDE-et-HERA-scaled.jpg\",\"keywords\":[\"AURIVA-Elevage\",\"Rubia de Aquitania\"],\"articleSection\":[\"AURIVA-Elevage\",\"Rubia de Aquitania\"],\"inLanguage\":\"es\",\"potentialAction\":[{\"@type\":\"CommentAction\",\"name\":\"Comment\",\"target\":[\"https:\\\/\\\/auriva-elevage.com\\\/es\\\/auriva-elevage-es\\\/rapace-el-despegue-de-varias-generaciones-de-seleccion\\\/#respond\"]}]},{\"@type\":\"WebPage\",\"@id\":\"https:\\\/\\\/auriva-elevage.com\\\/es\\\/auriva-elevage-es\\\/rapace-el-despegue-de-varias-generaciones-de-seleccion\\\/\",\"url\":\"https:\\\/\\\/auriva-elevage.com\\\/es\\\/auriva-elevage-es\\\/rapace-el-despegue-de-varias-generaciones-de-seleccion\\\/\",\"name\":\"RAPACE: el despegue de varias generaciones de selecci\u00f3n - AURIVA-Elevage.com\",\"isPartOf\":{\"@id\":\"https:\\\/\\\/auriva-elevage.com\\\/es\\\/#website\"},\"primaryImageOfPage\":{\"@id\":\"https:\\\/\\\/auriva-elevage.com\\\/es\\\/auriva-elevage-es\\\/rapace-el-despegue-de-varias-generaciones-de-seleccion\\\/#primaryimage\"},\"image\":{\"@id\":\"https:\\\/\\\/auriva-elevage.com\\\/es\\\/auriva-elevage-es\\\/rapace-el-despegue-de-varias-generaciones-de-seleccion\\\/#primaryimage\"},\"thumbnailUrl\":\"https:\\\/\\\/auriva-elevage.com\\\/wp-content\\\/uploads\\\/2026\\\/09\\\/Arnaud-SARRANDE-et-HERA-scaled.jpg\",\"datePublished\":\"2026-09-01T08:13:57+00:00\",\"dateModified\":\"2026-09-01T08:17:22+00:00\",\"description\":\"En el GAEC Lahitau, en Andoins, en los Pirineos Atl\u00e1nticos, el rendimiento no es una cuesti\u00f3n marginal: es primordial. En una SAU de 108 hect\u00e1reas (34 ha de ma\u00edz para ensilado, 36 ha de ma\u00edz para grano, 15 ha de praderas temporales y el resto de praderas permanentes), el equipo cultiva tambi\u00e9n 32 hect\u00e1reas de cultivos intermedios a base de tr\u00e9bol, ray-grass y veza, destinados a ser henificados. Un sistema bien engrasado, dise\u00f1ado para alimentar a un reba\u00f1o productivo en un establo con suelo de rejilla y cub\u00edculo, con pastoreo cero.\",\"breadcrumb\":{\"@id\":\"https:\\\/\\\/auriva-elevage.com\\\/es\\\/auriva-elevage-es\\\/rapace-el-despegue-de-varias-generaciones-de-seleccion\\\/#breadcrumb\"},\"inLanguage\":\"es\",\"potentialAction\":[{\"@type\":\"ReadAction\",\"target\":[\"https:\\\/\\\/auriva-elevage.com\\\/es\\\/auriva-elevage-es\\\/rapace-el-despegue-de-varias-generaciones-de-seleccion\\\/\"]}]},{\"@type\":\"ImageObject\",\"inLanguage\":\"es\",\"@id\":\"https:\\\/\\\/auriva-elevage.com\\\/es\\\/auriva-elevage-es\\\/rapace-el-despegue-de-varias-generaciones-de-seleccion\\\/#primaryimage\",\"url\":\"https:\\\/\\\/auriva-elevage.com\\\/wp-content\\\/uploads\\\/2026\\\/09\\\/Arnaud-SARRANDE-et-HERA-scaled.jpg\",\"contentUrl\":\"https:\\\/\\\/auriva-elevage.com\\\/wp-content\\\/uploads\\\/2026\\\/09\\\/Arnaud-SARRANDE-et-HERA-scaled.jpg\",\"width\":2560,\"height\":1707,\"caption\":\"Arnaud Sarraude et HERA\"},{\"@type\":\"BreadcrumbList\",\"@id\":\"https:\\\/\\\/auriva-elevage.com\\\/es\\\/auriva-elevage-es\\\/rapace-el-despegue-de-varias-generaciones-de-seleccion\\\/#breadcrumb\",\"itemListElement\":[{\"@type\":\"ListItem\",\"position\":1,\"name\":\"Accueil\",\"item\":\"https:\\\/\\\/auriva-elevage.com\\\/es\\\/inicio\\\/\"},{\"@type\":\"ListItem\",\"position\":2,\"name\":\"RAPACE: el despegue de varias generaciones de selecci\u00f3n\"}]},{\"@type\":\"WebSite\",\"@id\":\"https:\\\/\\\/auriva-elevage.com\\\/es\\\/#website\",\"url\":\"https:\\\/\\\/auriva-elevage.com\\\/es\\\/\",\"name\":\"AURIVA-Elevage\",\"description\":\"L&#039;\u00e9levage nouvelle g\u00e9n\u00e9ration\",\"publisher\":{\"@id\":\"https:\\\/\\\/auriva-elevage.com\\\/es\\\/#organization\"},\"potentialAction\":[{\"@type\":\"SearchAction\",\"target\":{\"@type\":\"EntryPoint\",\"urlTemplate\":\"https:\\\/\\\/auriva-elevage.com\\\/es\\\/?s={search_term_string}\"},\"query-input\":{\"@type\":\"PropertyValueSpecification\",\"valueRequired\":true,\"valueName\":\"search_term_string\"}}],\"inLanguage\":\"es\"},{\"@type\":\"Organization\",\"@id\":\"https:\\\/\\\/auriva-elevage.com\\\/es\\\/#organization\",\"name\":\"AURIVA-Elevage\",\"url\":\"https:\\\/\\\/auriva-elevage.com\\\/es\\\/\",\"logo\":{\"@type\":\"ImageObject\",\"inLanguage\":\"es\",\"@id\":\"https:\\\/\\\/auriva-elevage.com\\\/es\\\/#\\\/schema\\\/logo\\\/image\\\/\",\"url\":\"https:\\\/\\\/auriva-elevage.com\\\/wp-content\\\/uploads\\\/2022\\\/12\\\/Auriva_RVB-blancorange200.png\",\"contentUrl\":\"https:\\\/\\\/auriva-elevage.com\\\/wp-content\\\/uploads\\\/2022\\\/12\\\/Auriva_RVB-blancorange200.png\",\"width\":200,\"height\":178,\"caption\":\"AURIVA-Elevage\"},\"image\":{\"@id\":\"https:\\\/\\\/auriva-elevage.com\\\/es\\\/#\\\/schema\\\/logo\\\/image\\\/\"},\"sameAs\":[\"https:\\\/\\\/www.facebook.com\\\/aurivaelevage\\\/\",\"https:\\\/\\\/www.instagram.com\\\/auriva_elevage\\\/\",\"https:\\\/\\\/www.youtube.com\\\/channel\\\/UCJZKuf_iczqPTU6v0Gu1Hlw\",\"https:\\\/\\\/www.linkedin.com\\\/company\\\/10562979\\\/admin\\\/\"]},{\"@type\":\"Person\",\"@id\":\"https:\\\/\\\/auriva-elevage.com\\\/es\\\/#\\\/schema\\\/person\\\/2c7301f07bc3528f17d8e0ce474df9ab\",\"name\":\"No\u00e9mie Carme\",\"image\":{\"@type\":\"ImageObject\",\"inLanguage\":\"es\",\"@id\":\"https:\\\/\\\/secure.gravatar.com\\\/avatar\\\/9211a2fb6e803a315ca9323fb870abbcd882e843c4b0b276d0ab8c3a8b602a15?s=96&d=mm&r=g\",\"url\":\"https:\\\/\\\/secure.gravatar.com\\\/avatar\\\/9211a2fb6e803a315ca9323fb870abbcd882e843c4b0b276d0ab8c3a8b602a15?s=96&d=mm&r=g\",\"contentUrl\":\"https:\\\/\\\/secure.gravatar.com\\\/avatar\\\/9211a2fb6e803a315ca9323fb870abbcd882e843c4b0b276d0ab8c3a8b602a15?s=96&d=mm&r=g\",\"caption\":\"No\u00e9mie Carme\"},\"url\":\"https:\\\/\\\/auriva-elevage.com\\\/es\\\/author\\\/noemie\\\/\"}]}<\/script>\n<!-- \/ Yoast SEO plugin. -->","yoast_head_json":{"title":"RAPACE: el despegue de varias generaciones de selecci\u00f3n - AURIVA-Elevage.com","description":"En el GAEC Lahitau, en Andoins, en los Pirineos Atl\u00e1nticos, el rendimiento no es una cuesti\u00f3n marginal: es primordial. En una SAU de 108 hect\u00e1reas (34 ha de ma\u00edz para ensilado, 36 ha de ma\u00edz para grano, 15 ha de praderas temporales y el resto de praderas permanentes), el equipo cultiva tambi\u00e9n 32 hect\u00e1reas de cultivos intermedios a base de tr\u00e9bol, ray-grass y veza, destinados a ser henificados. Un sistema bien engrasado, dise\u00f1ado para alimentar a un reba\u00f1o productivo en un establo con suelo de rejilla y cub\u00edculo, con pastoreo cero.","robots":{"index":"index","follow":"follow","max-snippet":"max-snippet:-1","max-image-preview":"max-image-preview:large","max-video-preview":"max-video-preview:-1"},"canonical":"https:\/\/auriva-elevage.com\/es\/auriva-elevage-es\/rapace-el-despegue-de-varias-generaciones-de-seleccion\/","og_locale":"es_ES","og_type":"article","og_title":"RAPACE: el despegue de varias generaciones de selecci\u00f3n - AURIVA-Elevage.com","og_description":"En el GAEC Lahitau, en Andoins, en los Pirineos Atl\u00e1nticos, el rendimiento no es una cuesti\u00f3n marginal: es primordial. En una SAU de 108 hect\u00e1reas (34 ha de ma\u00edz para ensilado, 36 ha de ma\u00edz para grano, 15 ha de praderas temporales y el resto de praderas permanentes), el equipo cultiva tambi\u00e9n 32 hect\u00e1reas de cultivos intermedios a base de tr\u00e9bol, ray-grass y veza, destinados a ser henificados. Un sistema bien engrasado, dise\u00f1ado para alimentar a un reba\u00f1o productivo en un establo con suelo de rejilla y cub\u00edculo, con pastoreo cero.","og_url":"https:\/\/auriva-elevage.com\/es\/auriva-elevage-es\/rapace-el-despegue-de-varias-generaciones-de-seleccion\/","og_site_name":"AURIVA-Elevage.com","article_publisher":"https:\/\/www.facebook.com\/aurivaelevage\/","article_published_time":"2026-09-01T08:13:57+00:00","article_modified_time":"2026-09-01T08:17:22+00:00","og_image":[{"width":2560,"height":1707,"url":"https:\/\/auriva-elevage.com\/wp-content\/uploads\/2026\/09\/Arnaud-SARRANDE-et-HERA-scaled.jpg","type":"image\/jpeg"}],"author":"No\u00e9mie Carme","twitter_card":"summary_large_image","twitter_misc":{"Escrito por":"No\u00e9mie Carme","Tiempo de lectura":"4 minutos"},"schema":{"@context":"https:\/\/schema.org","@graph":[{"@type":"Article","@id":"https:\/\/auriva-elevage.com\/es\/auriva-elevage-es\/rapace-el-despegue-de-varias-generaciones-de-seleccion\/#article","isPartOf":{"@id":"https:\/\/auriva-elevage.com\/es\/auriva-elevage-es\/rapace-el-despegue-de-varias-generaciones-de-seleccion\/"},"author":{"name":"No\u00e9mie Carme","@id":"https:\/\/auriva-elevage.com\/es\/#\/schema\/person\/2c7301f07bc3528f17d8e0ce474df9ab"},"headline":"RAPACE: el despegue de varias generaciones de selecci\u00f3n","datePublished":"2026-09-01T08:13:57+00:00","dateModified":"2026-09-01T08:17:22+00:00","mainEntityOfPage":{"@id":"https:\/\/auriva-elevage.com\/es\/auriva-elevage-es\/rapace-el-despegue-de-varias-generaciones-de-seleccion\/"},"wordCount":873,"commentCount":0,"publisher":{"@id":"https:\/\/auriva-elevage.com\/es\/#organization"},"image":{"@id":"https:\/\/auriva-elevage.com\/es\/auriva-elevage-es\/rapace-el-despegue-de-varias-generaciones-de-seleccion\/#primaryimage"},"thumbnailUrl":"https:\/\/auriva-elevage.com\/wp-content\/uploads\/2026\/09\/Arnaud-SARRANDE-et-HERA-scaled.jpg","keywords":["AURIVA-Elevage","Rubia de Aquitania"],"articleSection":["AURIVA-Elevage","Rubia de Aquitania"],"inLanguage":"es","potentialAction":[{"@type":"CommentAction","name":"Comment","target":["https:\/\/auriva-elevage.com\/es\/auriva-elevage-es\/rapace-el-despegue-de-varias-generaciones-de-seleccion\/#respond"]}]},{"@type":"WebPage","@id":"https:\/\/auriva-elevage.com\/es\/auriva-elevage-es\/rapace-el-despegue-de-varias-generaciones-de-seleccion\/","url":"https:\/\/auriva-elevage.com\/es\/auriva-elevage-es\/rapace-el-despegue-de-varias-generaciones-de-seleccion\/","name":"RAPACE: el despegue de varias generaciones de selecci\u00f3n - AURIVA-Elevage.com","isPartOf":{"@id":"https:\/\/auriva-elevage.com\/es\/#website"},"primaryImageOfPage":{"@id":"https:\/\/auriva-elevage.com\/es\/auriva-elevage-es\/rapace-el-despegue-de-varias-generaciones-de-seleccion\/#primaryimage"},"image":{"@id":"https:\/\/auriva-elevage.com\/es\/auriva-elevage-es\/rapace-el-despegue-de-varias-generaciones-de-seleccion\/#primaryimage"},"thumbnailUrl":"https:\/\/auriva-elevage.com\/wp-content\/uploads\/2026\/09\/Arnaud-SARRANDE-et-HERA-scaled.jpg","datePublished":"2026-09-01T08:13:57+00:00","dateModified":"2026-09-01T08:17:22+00:00","description":"En el GAEC Lahitau, en Andoins, en los Pirineos Atl\u00e1nticos, el rendimiento no es una cuesti\u00f3n marginal: es primordial. En una SAU de 108 hect\u00e1reas (34 ha de ma\u00edz para ensilado, 36 ha de ma\u00edz para grano, 15 ha de praderas temporales y el resto de praderas permanentes), el equipo cultiva tambi\u00e9n 32 hect\u00e1reas de cultivos intermedios a base de tr\u00e9bol, ray-grass y veza, destinados a ser henificados. Un sistema bien engrasado, dise\u00f1ado para alimentar a un reba\u00f1o productivo en un establo con suelo de rejilla y cub\u00edculo, con pastoreo cero.","breadcrumb":{"@id":"https:\/\/auriva-elevage.com\/es\/auriva-elevage-es\/rapace-el-despegue-de-varias-generaciones-de-seleccion\/#breadcrumb"},"inLanguage":"es","potentialAction":[{"@type":"ReadAction","target":["https:\/\/auriva-elevage.com\/es\/auriva-elevage-es\/rapace-el-despegue-de-varias-generaciones-de-seleccion\/"]}]},{"@type":"ImageObject","inLanguage":"es","@id":"https:\/\/auriva-elevage.com\/es\/auriva-elevage-es\/rapace-el-despegue-de-varias-generaciones-de-seleccion\/#primaryimage","url":"https:\/\/auriva-elevage.com\/wp-content\/uploads\/2026\/09\/Arnaud-SARRANDE-et-HERA-scaled.jpg","contentUrl":"https:\/\/auriva-elevage.com\/wp-content\/uploads\/2026\/09\/Arnaud-SARRANDE-et-HERA-scaled.jpg","width":2560,"height":1707,"caption":"Arnaud Sarraude et HERA"},{"@type":"BreadcrumbList","@id":"https:\/\/auriva-elevage.com\/es\/auriva-elevage-es\/rapace-el-despegue-de-varias-generaciones-de-seleccion\/#breadcrumb","itemListElement":[{"@type":"ListItem","position":1,"name":"Accueil","item":"https:\/\/auriva-elevage.com\/es\/inicio\/"},{"@type":"ListItem","position":2,"name":"RAPACE: el despegue de varias generaciones de selecci\u00f3n"}]},{"@type":"WebSite","@id":"https:\/\/auriva-elevage.com\/es\/#website","url":"https:\/\/auriva-elevage.com\/es\/","name":"AURIVA-Elevage","description":"L&#039;\u00e9levage nouvelle g\u00e9n\u00e9ration","publisher":{"@id":"https:\/\/auriva-elevage.com\/es\/#organization"},"potentialAction":[{"@type":"SearchAction","target":{"@type":"EntryPoint","urlTemplate":"https:\/\/auriva-elevage.com\/es\/?s={search_term_string}"},"query-input":{"@type":"PropertyValueSpecification","valueRequired":true,"valueName":"search_term_string"}}],"inLanguage":"es"},{"@type":"Organization","@id":"https:\/\/auriva-elevage.com\/es\/#organization","name":"AURIVA-Elevage","url":"https:\/\/auriva-elevage.com\/es\/","logo":{"@type":"ImageObject","inLanguage":"es","@id":"https:\/\/auriva-elevage.com\/es\/#\/schema\/logo\/image\/","url":"https:\/\/auriva-elevage.com\/wp-content\/uploads\/2022\/12\/Auriva_RVB-blancorange200.png","contentUrl":"https:\/\/auriva-elevage.com\/wp-content\/uploads\/2022\/12\/Auriva_RVB-blancorange200.png","width":200,"height":178,"caption":"AURIVA-Elevage"},"image":{"@id":"https:\/\/auriva-elevage.com\/es\/#\/schema\/logo\/image\/"},"sameAs":["https:\/\/www.facebook.com\/aurivaelevage\/","https:\/\/www.instagram.com\/auriva_elevage\/","https:\/\/www.youtube.com\/channel\/UCJZKuf_iczqPTU6v0Gu1Hlw","https:\/\/www.linkedin.com\/company\/10562979\/admin\/"]},{"@type":"Person","@id":"https:\/\/auriva-elevage.com\/es\/#\/schema\/person\/2c7301f07bc3528f17d8e0ce474df9ab","name":"No\u00e9mie Carme","image":{"@type":"ImageObject","inLanguage":"es","@id":"https:\/\/secure.gravatar.com\/avatar\/9211a2fb6e803a315ca9323fb870abbcd882e843c4b0b276d0ab8c3a8b602a15?s=96&d=mm&r=g","url":"https:\/\/secure.gravatar.com\/avatar\/9211a2fb6e803a315ca9323fb870abbcd882e843c4b0b276d0ab8c3a8b602a15?s=96&d=mm&r=g","contentUrl":"https:\/\/secure.gravatar.com\/avatar\/9211a2fb6e803a315ca9323fb870abbcd882e843c4b0b276d0ab8c3a8b602a15?s=96&d=mm&r=g","caption":"No\u00e9mie Carme"},"url":"https:\/\/auriva-elevage.com\/es\/author\/noemie\/"}]}},"_links":{"self":[{"href":"https:\/\/auriva-elevage.com\/es\/wp-json\/wp\/v2\/posts\/14891","targetHints":{"allow":["GET"]}}],"collection":[{"href":"https:\/\/auriva-elevage.com\/es\/wp-json\/wp\/v2\/posts"}],"about":[{"href":"https:\/\/auriva-elevage.com\/es\/wp-json\/wp\/v2\/types\/post"}],"author":[{"embeddable":true,"href":"https:\/\/auriva-elevage.com\/es\/wp-json\/wp\/v2\/users\/4"}],"replies":[{"embeddable":true,"href":"https:\/\/auriva-elevage.com\/es\/wp-json\/wp\/v2\/comments?post=14891"}],"version-history":[{"count":1,"href":"https:\/\/auriva-elevage.com\/es\/wp-json\/wp\/v2\/posts\/14891\/revisions"}],"predecessor-version":[{"id":14892,"href":"https:\/\/auriva-elevage.com\/es\/wp-json\/wp\/v2\/posts\/14891\/revisions\/14892"}],"wp:featuredmedia":[{"embeddable":true,"href":"https:\/\/auriva-elevage.com\/es\/wp-json\/wp\/v2\/media\/14865"}],"wp:attachment":[{"href":"https:\/\/auriva-elevage.com\/es\/wp-json\/wp\/v2\/media?parent=14891"}],"wp:term":[{"taxonomy":"category","embeddable":true,"href":"https:\/\/auriva-elevage.com\/es\/wp-json\/wp\/v2\/categories?post=14891"},{"taxonomy":"post_tag","embeddable":true,"href":"https:\/\/auriva-elevage.com\/es\/wp-json\/wp\/v2\/tags?post=14891"}],"curies":[{"name":"wp","href":"https:\/\/api.w.org\/{rel}","templated":true}]}}